{"id":11773,"date":"2021-03-17T15:18:49","date_gmt":"2021-03-17T14:18:49","guid":{"rendered":"https:\/\/www.salgotarjan.hu\/?p=11773"},"modified":"2021-03-17T15:18:50","modified_gmt":"2021-03-17T14:18:50","slug":"keri-istvan-kapta-az-elso-salgotarjan-bobal-gyula-sajtodijat","status":"publish","type":"post","link":"https:\/\/www.salgotarjan.hu\/?p=11773","title":{"rendered":"K\u00e9ri Istv\u00e1n kapta az els\u0151 \u201eSalg\u00f3tarj\u00e1n Bob\u00e1l Gyula Sajt\u00f3d\u00edjat\u201d"},"content":{"rendered":"\n<p>M\u00e1rcius 15-\u00e9n nem csak az 1848\/49-es forradalom \u00e9s szabads\u00e1gharc h\u0151seit \u00fcnnepelj\u00fck, hanem a magyar sajt\u00f3 napj\u00e1t is. Ebb\u0151l az alkalomb\u00f3l adta volna \u00e1t \u2013 id\u00e9n els\u0151 \u00edzben \u2013 az \u00f6nkorm\u00e1nyzat a tavaly alap\u00edtott \u201eSalg\u00f3tarj\u00e1n Bob\u00e1l Gyula Sajt\u00f3d\u00edj\u00e1ban\u201d. A j\u00e1rv\u00e1nyhelyzet azonban nem tette lehet\u0151v\u00e9, hogy ezt most, m\u00e9lt\u00f3 k\u00f6r\u00fclm\u00e9nyek k\u00f6z\u00f6tt adj\u00e1k \u00e1t, ez\u00e9rt erre k\u00e9s\u0151bb, egy m\u00e1sik v\u00e1rosi esem\u00e9nyen ker\u00fcl majd sor.<\/p>\n\n\n\n<p>Ugyanakkor a d\u00edjr\u00f3l sz\u00f3l\u00f3 d\u00f6nt\u00e9s m\u00e1r megsz\u00fcletett: a K\u00f6zgy\u0171l\u00e9s \u201eSalg\u00f3tarj\u00e1n Bob\u00e1l Gyula Sajt\u00f3d\u00edj\u00e1ban\u201d r\u00e9szes\u00edti K\u00e9ri Istv\u00e1nt, aki t\u00f6bb mint egy \u00e9vtizede meghat\u00e1roz\u00f3 szerepet t\u00f6lt be N\u00f3gr\u00e1d megye \u00e9s Salg\u00f3tarj\u00e1n nyomtatott \u00e9s elektronikus sajt\u00f3\u00e9let\u00e9ben: ismerhetj\u00fck hangj\u00e1t a Focus R\u00e1di\u00f3, majd a Radio1 frekvenci\u00e1j\u00e1r\u00f3l, \u00e9s t\u00f6bb m\u00e1s weboldal mellett \u0151 ind\u00edtotta \u00fatj\u00e1ra \u00e9s m\u0171k\u00f6dteti a 3100.hu-t, amely joggal nevezi mag\u00e1t Salg\u00f3tarj\u00e1n h\u00edrport\u00e1lj\u00e1nak, hiszen a k\u00f6z\u00f6ss\u00e9gi m\u00e9di\u00e1n k\u00edv\u00fcl egy\u00e9rtelm\u0171en ez a port\u00e1l a salg\u00f3tarj\u00e1niak els\u0151dleges h\u00edrforr\u00e1sa.<\/p>\n","protected":false},"excerpt":{"rendered":"<p>M\u00e1rcius 15-\u00e9n nem csak az 1848\/49-es forradalom \u00e9s szabads\u00e1gharc h\u0151seit \u00fcnnepelj\u00fck, hanem a magyar sajt\u00f3 napj\u00e1t is. Ebb\u0151l az alkalomb\u00f3l adta volna \u00e1t \u2013 id\u00e9n els\u0151 \u00edzben \u2013 az \u00f6nkorm\u00e1nyzat a tavaly alap\u00edtott \u201eSalg\u00f3tarj\u00e1n Bob\u00e1l Gyula Sajt\u00f3d\u00edj\u00e1ban\u201d. A j\u00e1rv\u00e1nyhelyzet azonban nem tette lehet\u0151v\u00e9, hogy ezt most, m\u00e9lt\u00f3 k\u00f6r\u00fclm\u00e9nyek k\u00f6z\u00f6tt adj\u00e1k \u00e1t, ez\u00e9rt erre k\u00e9s\u0151bb, egy &#8230; <a title=\"K\u00e9ri Istv\u00e1n kapta az els\u0151 \u201eSalg\u00f3tarj\u00e1n Bob\u00e1l Gyula Sajt\u00f3d\u00edjat\u201d\" class=\"read-more\" href=\"https:\/\/www.salgotarjan.hu\/?p=11773\" aria-label=\"Read more about K\u00e9ri Istv\u00e1n kapta az els\u0151 \u201eSalg\u00f3tarj\u00e1n Bob\u00e1l Gyula Sajt\u00f3d\u00edjat\u201d\">Olvass tov\u00e1bb<\/a><\/p>\n","protected":false},"author":7,"featured_media":0,"comment_status":"closed","ping_status":"closed","sticky":false,"template":"","format":"standard","meta":{"footnotes":""},"categories":[10],"tags":[],"class_list":["post-11773","post","type-post","status-publish","format-standard","hentry","category-hirek-aktualitasok"],"_links":{"self":[{"href":"https:\/\/www.salgotarjan.hu\/index.php?rest_route=\/wp\/v2\/posts\/11773","targetHints":{"allow":["GET"]}}],"collection":[{"href":"https:\/\/www.salgotarjan.hu\/index.php?rest_route=\/wp\/v2\/posts"}],"about":[{"href":"https:\/\/www.salgotarjan.hu\/index.php?rest_route=\/wp\/v2\/types\/post"}],"author":[{"embeddable":true,"href":"https:\/\/www.salgotarjan.hu\/index.php?rest_route=\/wp\/v2\/users\/7"}],"replies":[{"embeddable":true,"href":"https:\/\/www.salgotarjan.hu\/index.php?rest_route=%2Fwp%2Fv2%2Fcomments&post=11773"}],"version-history":[{"count":1,"href":"https:\/\/www.salgotarjan.hu\/index.php?rest_route=\/wp\/v2\/posts\/11773\/revisions"}],"predecessor-version":[{"id":11774,"href":"https:\/\/www.salgotarjan.hu\/index.php?rest_route=\/wp\/v2\/posts\/11773\/revisions\/11774"}],"wp:attachment":[{"href":"https:\/\/www.salgotarjan.hu\/index.php?rest_route=%2Fwp%2Fv2%2Fmedia&parent=11773"}],"wp:term":[{"taxonomy":"category","embeddable":true,"href":"https:\/\/www.salgotarjan.hu\/index.php?rest_route=%2Fwp%2Fv2%2Fcategories&post=11773"},{"taxonomy":"post_tag","embeddable":true,"href":"https:\/\/www.salgotarjan.hu\/index.php?rest_route=%2Fwp%2Fv2%2Ftags&post=11773"}],"curies":[{"name":"wp","href":"https:\/\/api.w.org\/{rel}","templated":true}]}}