{"id":11698,"date":"2021-02-11T17:16:39","date_gmt":"2021-02-11T16:16:39","guid":{"rendered":"https:\/\/www.salgotarjan.hu\/?p=11698"},"modified":"2021-02-11T17:22:32","modified_gmt":"2021-02-11T16:22:32","slug":"polgarmesteri-kozlemeny-10","status":"publish","type":"post","link":"https:\/\/www.salgotarjan.hu\/?p=11698","title":{"rendered":"Polg\u00e1rmesteri k\u00f6zlem\u00e9ny"},"content":{"rendered":"\n<p><em>Fekete Zsolt, Salg\u00f3tarj\u00e1n polg\u00e1rmester\u00e9nek k\u00f6zlem\u00e9nye:<\/em><\/p>\n\n\n\n<p>A h\u00f3helyzet miatt \u00e1ramsz\u00fcnet, illetve \u00e1ramkimarad\u00e1sok tapasztalhat\u00f3ak v\u00e1rosunk k\u00fcl\u00f6nb\u00f6z\u0151 ter\u00fcletein. Az \u00c9M\u00c1SZ nagy er\u0151kkel dolgozik a hib\u00e1k elh\u00e1r\u00edt\u00e1s\u00e1n.<br>Az \u00e1ramkimarad\u00e1s miatt el\u0151fordulhat, hogy f\u0171t\u00e9s n\u00e9lk\u00fcl maradnak otthonukban lak\u00f3k. Ez\u00e9rt meleged\u0151 pontokat jel\u00f6ltem ki ezekben a v\u00e1rosr\u00e9szekben: Zagyvar\u00f3n\u00e1n a B\u00e1tki J\u00f3zsef K\u00f6z\u00f6ss\u00e9gi H\u00e1zat, Somosk\u0151ben az \u00faj k\u00f6nyvt\u00e1rat, Salg\u00f3b\u00e1ny\u00e1n az id\u0151sek klubja \u00e9p\u00fclet\u00e9t, R\u00f3nafalun a kult\u00farotthont f\u0171tj\u00fck fel a katasztr\u00f3fav\u00e9delem munkat\u00e1rsaival egy\u00fcttm\u0171k\u00f6d\u00e9sben. Meleged\u0151nek jel\u00f6lt\u00fck ki a V\u00e1rosi Sportcsarnokot is. Akinek a sportcsarnokba val\u00f3 eljut\u00e1s neh\u00e9zs\u00e9get jelent, a 0620 400 3153-as sz\u00e1mon k\u00e9rhet seg\u00edts\u00e9get a g\u00e9pj\u00e1rm\u0171vel t\u00f6rt\u00e9n\u0151 sz\u00e1ll\u00edt\u00e1sban. Ezeket a meleged\u0151 helyeket a nap 24 \u00f3r\u00e1j\u00e1ban biztos\u00edtjuk a lak\u00f3knak, am\u00edg sz\u00fcks\u00e9ges.<br>B\u00edzom abban, hogy az \u00c9M\u00c1SZ munkat\u00e1rsainak mihamarabb siker\u00fcl megoldani a probl\u00e9m\u00e1t!<br>Mindent megtesz\u00fcnk, hogy biztons\u00e1gban tudjuk azokat, akiknek az \u00e1ramkimarad\u00e1s miatt arra sz\u00fcks\u00e9g\u00fck van!<\/p>\n","protected":false},"excerpt":{"rendered":"<p>Fekete Zsolt, Salg\u00f3tarj\u00e1n polg\u00e1rmester\u00e9nek k\u00f6zlem\u00e9nye: A h\u00f3helyzet miatt \u00e1ramsz\u00fcnet, illetve \u00e1ramkimarad\u00e1sok tapasztalhat\u00f3ak v\u00e1rosunk k\u00fcl\u00f6nb\u00f6z\u0151 ter\u00fcletein. Az \u00c9M\u00c1SZ nagy er\u0151kkel dolgozik a hib\u00e1k elh\u00e1r\u00edt\u00e1s\u00e1n.Az \u00e1ramkimarad\u00e1s miatt el\u0151fordulhat, hogy f\u0171t\u00e9s n\u00e9lk\u00fcl maradnak otthonukban lak\u00f3k. Ez\u00e9rt meleged\u0151 pontokat jel\u00f6ltem ki ezekben a v\u00e1rosr\u00e9szekben: Zagyvar\u00f3n\u00e1n a B\u00e1tki J\u00f3zsef K\u00f6z\u00f6ss\u00e9gi H\u00e1zat, Somosk\u0151ben az \u00faj k\u00f6nyvt\u00e1rat, Salg\u00f3b\u00e1ny\u00e1n az id\u0151sek klubja \u00e9p\u00fclet\u00e9t, &#8230; <a title=\"Polg\u00e1rmesteri k\u00f6zlem\u00e9ny\" class=\"read-more\" href=\"https:\/\/www.salgotarjan.hu\/?p=11698\" aria-label=\"Read more about Polg\u00e1rmesteri k\u00f6zlem\u00e9ny\">Olvass tov\u00e1bb<\/a><\/p>\n","protected":false},"author":7,"featured_media":0,"comment_status":"closed","ping_status":"closed","sticky":false,"template":"","format":"standard","meta":{"footnotes":""},"categories":[10],"tags":[],"class_list":["post-11698","post","type-post","status-publish","format-standard","hentry","category-hirek-aktualitasok"],"_links":{"self":[{"href":"https:\/\/www.salgotarjan.hu\/index.php?rest_route=\/wp\/v2\/posts\/11698","targetHints":{"allow":["GET"]}}],"collection":[{"href":"https:\/\/www.salgotarjan.hu\/index.php?rest_route=\/wp\/v2\/posts"}],"about":[{"href":"https:\/\/www.salgotarjan.hu\/index.php?rest_route=\/wp\/v2\/types\/post"}],"author":[{"embeddable":true,"href":"https:\/\/www.salgotarjan.hu\/index.php?rest_route=\/wp\/v2\/users\/7"}],"replies":[{"embeddable":true,"href":"https:\/\/www.salgotarjan.hu\/index.php?rest_route=%2Fwp%2Fv2%2Fcomments&post=11698"}],"version-history":[{"count":1,"href":"https:\/\/www.salgotarjan.hu\/index.php?rest_route=\/wp\/v2\/posts\/11698\/revisions"}],"predecessor-version":[{"id":11701,"href":"https:\/\/www.salgotarjan.hu\/index.php?rest_route=\/wp\/v2\/posts\/11698\/revisions\/11701"}],"wp:attachment":[{"href":"https:\/\/www.salgotarjan.hu\/index.php?rest_route=%2Fwp%2Fv2%2Fmedia&parent=11698"}],"wp:term":[{"taxonomy":"category","embeddable":true,"href":"https:\/\/www.salgotarjan.hu\/index.php?rest_route=%2Fwp%2Fv2%2Fcategories&post=11698"},{"taxonomy":"post_tag","embeddable":true,"href":"https:\/\/www.salgotarjan.hu\/index.php?rest_route=%2Fwp%2Fv2%2Ftags&post=11698"}],"curies":[{"name":"wp","href":"https:\/\/api.w.org\/{rel}","templated":true}]}}