{"id":11694,"date":"2021-02-11T12:26:48","date_gmt":"2021-02-11T11:26:48","guid":{"rendered":"https:\/\/www.salgotarjan.hu\/?p=11694"},"modified":"2021-02-11T12:26:50","modified_gmt":"2021-02-11T11:26:50","slug":"sajtokozlemeny-19","status":"publish","type":"post","link":"https:\/\/www.salgotarjan.hu\/?p=11694","title":{"rendered":"Sajt\u00f3k\u00f6zlem\u00e9ny"},"content":{"rendered":"<p>A Sz\u00e9chenyi 2020 program keret\u00e9ben Salg\u00f3tarj\u00e1n Megyei Jog\u00fa V\u00e1ros \u00d6nkorm\u00e1nyzata 20 milli\u00f3 forint vissza nem t\u00e9r\u00edtend\u0151 eur\u00f3pai uni\u00f3s t\u00e1mogat\u00e1sb\u00f3l val\u00f3s\u00edtja meg a KEHOP-1.2.1-18-2019-00240 azonos\u00edt\u00f3sz\u00e1m\u00fa, \u201eSalg\u00f3tarj\u00e1n Megyei Jog\u00fa V\u00e1ros helyi kl\u00edmastrat\u00e9gi\u00e1ja\u201d projektj\u00e9t. A helyi kl\u00edmastrat\u00e9gia kidolgoz\u00e1s\u00e1ra l\u00e9trej\u00f6tt projekt keret\u00e9ben megkezd\u0151d\u00f6tt a kl\u00edmastrat\u00e9gia szakmai v\u00e1ltozat\u00e1nak elk\u00e9sz\u00edt\u00e9se. A kapcsol\u00f3d\u00f3 szeml\u00e9letform\u00e1l\u00e1si programsorozat pedig a lakoss\u00e1g kl\u00edmatudatoss\u00e1g\u00e1nak er\u0151s\u00edt\u00e9s\u00e9t szolg\u00e1lja majd.<br \/>\n<a href=\"https:\/\/www.salgotarjan.hu\/wp-content\/uploads\/20210211_klimastrategia_sajtokozlemeny.pdf\" target=\"_blank\" rel=\"noopener\">A teljes sajt\u00f3k\u00f6zlem\u00e9ny let\u00f6lt\u00e9s\u00e9hez kattintson ide<\/a> (pdf).<\/p>\n","protected":false},"excerpt":{"rendered":"<p>A Sz\u00e9chenyi 2020 program keret\u00e9ben Salg\u00f3tarj\u00e1n Megyei Jog\u00fa V\u00e1ros \u00d6nkorm\u00e1nyzata 20 milli\u00f3 forint vissza nem t\u00e9r\u00edtend\u0151 eur\u00f3pai uni\u00f3s t\u00e1mogat\u00e1sb\u00f3l val\u00f3s\u00edtja meg a KEHOP-1.2.1-18-2019-00240 azonos\u00edt\u00f3sz\u00e1m\u00fa, \u201eSalg\u00f3tarj\u00e1n Megyei Jog\u00fa V\u00e1ros helyi kl\u00edmastrat\u00e9gi\u00e1ja\u201d projektj\u00e9t. A helyi kl\u00edmastrat\u00e9gia kidolgoz\u00e1s\u00e1ra l\u00e9trej\u00f6tt projekt keret\u00e9ben megkezd\u0151d\u00f6tt a kl\u00edmastrat\u00e9gia szakmai v\u00e1ltozat\u00e1nak elk\u00e9sz\u00edt\u00e9se. A kapcsol\u00f3d\u00f3 szeml\u00e9letform\u00e1l\u00e1si programsorozat pedig a lakoss\u00e1g kl\u00edmatudatoss\u00e1g\u00e1nak er\u0151s\u00edt\u00e9s\u00e9t szolg\u00e1lja majd. &#8230; <a title=\"Sajt\u00f3k\u00f6zlem\u00e9ny\" class=\"read-more\" href=\"https:\/\/www.salgotarjan.hu\/?p=11694\" aria-label=\"Read more about Sajt\u00f3k\u00f6zlem\u00e9ny\">Olvass tov\u00e1bb<\/a><\/p>\n","protected":false},"author":7,"featured_media":0,"comment_status":"closed","ping_status":"closed","sticky":false,"template":"","format":"standard","meta":{"footnotes":""},"categories":[10],"tags":[],"class_list":["post-11694","post","type-post","status-publish","format-standard","hentry","category-hirek-aktualitasok"],"_links":{"self":[{"href":"https:\/\/www.salgotarjan.hu\/index.php?rest_route=\/wp\/v2\/posts\/11694","targetHints":{"allow":["GET"]}}],"collection":[{"href":"https:\/\/www.salgotarjan.hu\/index.php?rest_route=\/wp\/v2\/posts"}],"about":[{"href":"https:\/\/www.salgotarjan.hu\/index.php?rest_route=\/wp\/v2\/types\/post"}],"author":[{"embeddable":true,"href":"https:\/\/www.salgotarjan.hu\/index.php?rest_route=\/wp\/v2\/users\/7"}],"replies":[{"embeddable":true,"href":"https:\/\/www.salgotarjan.hu\/index.php?rest_route=%2Fwp%2Fv2%2Fcomments&post=11694"}],"version-history":[{"count":1,"href":"https:\/\/www.salgotarjan.hu\/index.php?rest_route=\/wp\/v2\/posts\/11694\/revisions"}],"predecessor-version":[{"id":11696,"href":"https:\/\/www.salgotarjan.hu\/index.php?rest_route=\/wp\/v2\/posts\/11694\/revisions\/11696"}],"wp:attachment":[{"href":"https:\/\/www.salgotarjan.hu\/index.php?rest_route=%2Fwp%2Fv2%2Fmedia&parent=11694"}],"wp:term":[{"taxonomy":"category","embeddable":true,"href":"https:\/\/www.salgotarjan.hu\/index.php?rest_route=%2Fwp%2Fv2%2Fcategories&post=11694"},{"taxonomy":"post_tag","embeddable":true,"href":"https:\/\/www.salgotarjan.hu\/index.php?rest_route=%2Fwp%2Fv2%2Ftags&post=11694"}],"curies":[{"name":"wp","href":"https:\/\/api.w.org\/{rel}","templated":true}]}}